[{"@context":"https:\/\/schema.org\/","@type":"Article","@id":"https:\/\/www.blogus.cz\/i-v-praze-se-stehuje\/#Article","mainEntityOfPage":"https:\/\/www.blogus.cz\/i-v-praze-se-stehuje\/","headline":"I v Praze se st\u011bhuje","name":"I v Praze se st\u011bhuje","description":"To, \u017ee n\u011bkdo \u017eije v na\u0161em hlavn\u00edm m\u011bst\u011b, m\u00e1 sice sv\u00e9 pozitivn\u00ed str\u00e1nky, ale rozhodn\u011b to neznamen\u00e1, \u017ee se doty\u010dn\u00fd v tomto m\u011bst\u011b us\u00eddl\u00ed na n\u011bjak\u00e9m m\u00edst\u011b a u\u017e ho odsud nikdo nedostane, proto\u017ee je tam nejl\u00e9pe. Ve skute\u010dnosti m\u00e1 toti\u017e na\u0161e metropole nejen sv\u00e9 p\u0159ednosti, ale samoz\u0159ejm\u011b i nedostatky. A tak se i zde [&hellip;]","datePublished":"2023-08-25","dateModified":"2023-09-27","author":{"@type":"Person","@id":"https:\/\/www.blogus.cz\/author\/#Person","name":"blogus.cz\n","url":"https:\/\/www.blogus.cz\/author\/","identifier":1,"image":{"@type":"ImageObject","@id":"https:\/\/secure.gravatar.com\/avatar\/3c4e99fa9a9806cd5e8fd7cac6ca73ff5bbf5f3ee309e1745415eebd31482909?s=96&d=mm&r=g","url":"https:\/\/secure.gravatar.com\/avatar\/3c4e99fa9a9806cd5e8fd7cac6ca73ff5bbf5f3ee309e1745415eebd31482909?s=96&d=mm&r=g","height":96,"width":96}},"publisher":{"@type":"Organization","name":"blogus.cz","logo":{"@type":"ImageObject","@id":"\/logo.png","url":"\/logo.png","width":600,"height":60}},"image":{"@type":"ImageObject","@id":"https:\/\/www.blogus.cz\/wp-content\/uploads\/sssssssssssssssssssss.jpg","url":"https:\/\/www.blogus.cz\/wp-content\/uploads\/sssssssssssssssssssss.jpg","height":0,"width":0},"url":"https:\/\/www.blogus.cz\/i-v-praze-se-stehuje\/","about":["Internet"],"wordCount":440,"articleBody":"   To, \u017ee n\u011bkdo \u017eije v na\u0161em hlavn\u00edm m\u011bst\u011b, m\u00e1 sice sv\u00e9 pozitivn\u00ed str\u00e1nky, ale rozhodn\u011b to neznamen\u00e1, \u017ee se doty\u010dn\u00fd v tomto m\u011bst\u011b us\u00eddl\u00ed na n\u011bjak\u00e9m m\u00edst\u011b a u\u017e ho odsud nikdo nedostane, proto\u017ee je tam nejl\u00e9pe. Ve skute\u010dnosti m\u00e1 toti\u017e na\u0161e metropole nejen sv\u00e9 p\u0159ednosti, ale samoz\u0159ejm\u011b i nedostatky. A tak se i zde n\u011bkdy \u017eije dob\u0159e a jindy ne, i tady jsou m\u00edsta hez\u010d\u00ed i hor\u0161\u00ed. A tak se i Pra\u017ean\u00e9 n\u011bkdy st\u011bhuj\u00ed. T\u0159eba z jedn\u00e9 m\u011bstsk\u00e9 \u010d\u00e1sti do druh\u00e9, t\u0159eba i n\u011bkam mimo Prahu, dejme tomu i hodn\u011b daleko. A naopak jsou lid\u00e9, kte\u0159\u00ed po \u017eivot\u011b v Praze tou\u017e\u00ed a st\u011bhuj\u00ed se pro zm\u011bnu sem.Motivace ke st\u011bhov\u00e1n\u00ed se tu m\u016f\u017ee b\u00fdt skute\u010dn\u011b r\u016fzn\u00e1. Ale v t\u00e9to chv\u00edli se j\u00ed nezab\u00fdvejme. Kdy\u017e se tu chce n\u011bkdo st\u011bhovat, a\u0165 se prost\u011b st\u011bhuje. A\u0165 u\u017e do Prahy nebo z n\u00ed. A tak se tak\u00e9 kdekdo st\u011bhuje.Jen\u017ee v\u0161ichni v\u00edme, \u017ee to nemus\u00ed b\u00fdt nijak jednoduch\u00e1 z\u00e1le\u017eitost. Ten, kdo se st\u011bhuje, mus\u00ed p\u0159ece zvl\u00e1dnout p\u0159em\u00edst\u011bn\u00ed v\u0161ech sv\u00fdch v\u011bc\u00ed na novou adresu. A p\u0159i tom mno\u017estv\u00ed v\u011bc\u00ed, kter\u00e9 m\u00e1me, to ur\u010dit\u011b nen\u00ed jednoduch\u00fd \u00fakol. A tak se toho ten st\u011bhuj\u00edc\u00ed se \u010dasto pr\u00e1vem d\u011bs\u00ed, u\u017e kdy\u017e na to i jenom pomysl\u00ed. To bude d\u0159ina! To bude organiza\u010dn\u00edch starost\u00ed!A tak se nikdo do st\u011bhov\u00e1n\u00ed ne\u017eene. Ale kdy\u017e se prost\u011b st\u011bhuje, st\u011bhuje se. A mus\u00ed se to zvl\u00e1dnout. Jinak to nejde. A kdy\u017e si \u010dlov\u011bk nen\u00ed jist, \u017ee to zvl\u00e1dne, p\u0159\u00edpadn\u011b v\u00ed, \u017ee to nezvl\u00e1dne? Pak by si m\u011bl naj\u00edt pomocn\u00edky. A to experty na st\u011bhov\u00e1n\u00ed Praha 6. Tedy skute\u010dn\u011b profesion\u00e1ln\u00ed st\u011bhovac\u00ed firmu. Tu, kter\u00e1 se o v\u0161echno postar\u00e1, a to v t\u00e9 nejvy\u0161\u0161\u00ed kvalit\u011b.Pomoc od st\u011bhov\u00e1k\u016f m\u00e1 toti\u017e celou \u0159adu v\u00fdhod. Hlavn\u011b ale tu, \u017ee ud\u011blaj\u00ed v\u0161echnu pr\u00e1ci, do kter\u00e9 se norm\u00e1ln\u00edmu \u010dlov\u011bku nechce, a to dokonale, proto\u017ee jsou na to vybaveni a maj\u00ed i dostate\u010dn\u00e9 zku\u0161enosti. Co\u017e pr\u016fm\u011brn\u00fd \u010cech samoz\u0159ejm\u011b nem\u00e1.A tak se vypl\u00e1c\u00ed tuto pomoc vyu\u017e\u00edt. A m\u00edt to tak daleko jednodu\u0161\u0161\u00ed, s ve\u0161ker\u00fdm p\u0159edstaviteln\u00fdm komfortem.                                                                                                                                                                                                                                                                                                                                                                                          4.3\/5 - (13 votes)        "},{"@context":"https:\/\/schema.org\/","@type":"BreadcrumbList","itemListElement":[{"@type":"ListItem","position":1,"name":"I v Praze se st\u011bhuje","item":"https:\/\/www.blogus.cz\/i-v-praze-se-stehuje\/#breadcrumbitem"}]}]