[{"@context":"https:\/\/schema.org\/","@type":"Article","@id":"https:\/\/www.blogus.cz\/pojisteni-pravni-ochrany-podnikatelu\/#Article","mainEntityOfPage":"https:\/\/www.blogus.cz\/pojisteni-pravni-ochrany-podnikatelu\/","headline":"Poji\u0161t\u011bn\u00ed pr\u00e1vn\u00ed ochrany podnikatel\u016f","name":"Poji\u0161t\u011bn\u00ed pr\u00e1vn\u00ed ochrany podnikatel\u016f","description":"Podnikatel\u00e9 se mohou dnes a denn\u011b setkat s\u00a0mnoha nep\u0159\u00edjemnostmi v\u00a0souvislosti se svou \u017eivnost\u00ed. Podnikatel m\u016f\u017ee podat \u017ealobu na sv\u00e9ho z\u00e1kazn\u00edka, kter\u00fd nap\u0159. po\u0161kodil zap\u016fj\u010denou \u010di pronajatou n\u011bjakou v\u011bc, na druhou stranu v\u00e1s m\u016f\u017ee za\u017ealovat kdokoliv za nekvalitn\u00ed slu\u017eby nebo v\u00fdrobky. Soudn\u00ed v\u00fdlohy jdou pak v\u00a0pr\u00e1vn\u00edch sporech do des\u00edtek a\u017e stovek tis\u00edc korun a ty m\u016f\u017ee [&hellip;]","datePublished":"2025-02-27","dateModified":"2023-04-28","author":{"@type":"Person","@id":"https:\/\/www.blogus.cz\/author\/#Person","name":"blogus.cz\n","url":"https:\/\/www.blogus.cz\/author\/","identifier":1,"image":{"@type":"ImageObject","@id":"https:\/\/secure.gravatar.com\/avatar\/3c4e99fa9a9806cd5e8fd7cac6ca73ff5bbf5f3ee309e1745415eebd31482909?s=96&d=mm&r=g","url":"https:\/\/secure.gravatar.com\/avatar\/3c4e99fa9a9806cd5e8fd7cac6ca73ff5bbf5f3ee309e1745415eebd31482909?s=96&d=mm&r=g","height":96,"width":96}},"publisher":{"@type":"Organization","name":"blogus.cz","logo":{"@type":"ImageObject","@id":"\/logo.png","url":"\/logo.png","width":600,"height":60}},"image":{"@type":"ImageObject","@id":"https:\/\/www.blogus.cz\/wp-content\/uploads\/img_a308383_w2423_t1519469880.png","url":"https:\/\/www.blogus.cz\/wp-content\/uploads\/img_a308383_w2423_t1519469880.png","height":0,"width":0},"url":"https:\/\/www.blogus.cz\/pojisteni-pravni-ochrany-podnikatelu\/","about":["Finance"],"wordCount":438,"articleBody":"\tPodnikatel\u00e9 se mohou dnes a denn\u011b setkat s\u00a0mnoha nep\u0159\u00edjemnostmi v\u00a0souvislosti se svou \u017eivnost\u00ed. Podnikatel m\u016f\u017ee podat \u017ealobu na sv\u00e9ho z\u00e1kazn\u00edka, kter\u00fd nap\u0159. po\u0161kodil zap\u016fj\u010denou \u010di pronajatou n\u011bjakou v\u011bc, na druhou stranu v\u00e1s m\u016f\u017ee za\u017ealovat kdokoliv za nekvalitn\u00ed slu\u017eby nebo v\u00fdrobky. Soudn\u00ed v\u00fdlohy jdou pak v\u00a0pr\u00e1vn\u00edch sporech do des\u00edtek a\u017e stovek tis\u00edc korun a ty m\u016f\u017ee vypomoci hradit poji\u0161t\u011bn\u00ed pr\u00e1vn\u00ed ochrany podnikatel\u016f.\t\tPoji\u0161t\u011bn\u00ed se zaji\u0161\u0165uje v\u00a0tomto p\u0159\u00edpad\u011b bu\u010f p\u0159\u00edmo pro podnikatele, tedy osobu zapsanou v\u00a0obchodn\u00edm rejst\u0159\u00edku, kter\u00e1 podnik\u00e1 s\u00a0\u017eivnostensk\u00fdm opr\u00e1vn\u011bn\u00edm, nebo jde o fyzickou osobu, kter\u00e1 je provozovatelem zem\u011bd\u011blsk\u00e9 v\u00fdroby.\tPoji\u0161t\u011bn\u00ed je vzta\u017eeno i na osoby fyzick\u00e9, kter\u00e9 jsou s\u00a0doty\u010dn\u00fdm pojistn\u00edkem v\u00a0pracovn\u011bpr\u00e1vn\u00edm vztahu, jsou tedy jeho zam\u011bstnanci. Pojistn\u00e9 pln\u011bn\u00ed se ov\u0161em t\u00fdk\u00e1 pouze doby, po kterou zam\u011bstnanec vykon\u00e1val pro pojistn\u00edka pr\u00e1ci. Rozsah pr\u00e1vn\u00ed ochrany mus\u00ed b\u00fdt v\u017edy zakotven v\u00a0pojistn\u00e9 smlouv\u011b.\t\tPoji\u0161t\u011bn\u00ed se nevztahuje na:\u00b7\u00a0\u00a0\u00a0\u00a0\u00a0\u00a0\u00a0\u00a0 Pr\u00e1vn\u00ed spor s\u00a0osobami, kter\u00e9 jsou touto pojistnou smlouvou poji\u0161t\u011bny. V\u00fdjimkou je pouze obhajoba pr\u00e1vn\u00edch z\u00e1jm\u016f samotn\u00e9ho pojistn\u00edka p\u0159ed napaden\u00edm spolupoji\u0161t\u011bn\u00fdmi osobami.\u00b7\u00a0\u00a0\u00a0\u00a0\u00a0\u00a0\u00a0\u00a0 Vypo\u0159\u00e1d\u00e1n\u00ed v\u00a0souvislosti s\u00a0movit\u00fdmi a nemovit\u00fdmi v\u011bcmi v\u00a0p\u0159\u00edpad\u011b spoluvlastnictv\u00ed\u00b7\u00a0\u00a0\u00a0\u00a0\u00a0\u00a0\u00a0\u00a0 Ve\u0161ker\u00e9 pr\u00e1vn\u00ed spory v\u00a0souvislosti s\u00a0provozov\u00e1n\u00edm a vlastnictv\u00edm motorov\u00e9ho vozidla poji\u0161t\u011bnce\u00b7\u00a0\u00a0\u00a0\u00a0\u00a0\u00a0\u00a0\u00a0 Ve\u0161ker\u00e9 pr\u00e1vn\u00ed spory poji\u0161t\u011bnc\u016f s\u00a0osobami poji\u0161t\u011bn\u00fdmi v\u00a0r\u016fzn\u00fdch sdru\u017een\u00edch, nadac\u00edch, dru\u017estvech, spole\u010dnostech a fondech\u00b7\u00a0\u00a0\u00a0\u00a0\u00a0\u00a0\u00a0\u00a0 Na pr\u00e1vn\u00ed spory ohledn\u011b ochrany osobnosti z\u00a0pr\u00e1va soci\u00e1ln\u00edho zabezpe\u010den\u00ed, zdravotn\u00edho a soci\u00e1ln\u00edho poji\u0161t\u011bn\u00ed, d\u011bdick\u00e9ho pr\u00e1va, z\u00e1vazkov\u00e9ho pr\u00e1va, rodinn\u00e9ho pr\u00e1va, celn\u00edho a finan\u010dn\u00edho pr\u00e1va a rovn\u011b\u017e z\u00a0oblasti nekal\u00e9 sout\u011b\u017ee a du\u0161evn\u00edho vlastnictv\u00ed.\u00b7\u00a0\u00a0\u00a0\u00a0\u00a0\u00a0\u00a0\u00a0 V\u0161echny spory mezi poji\u0161t\u011bnou osobou a pojistitelem\u00b7\u00a0\u00a0\u00a0\u00a0\u00a0\u00a0\u00a0\u00a0 Ve\u0161ker\u00e9 ud\u00e1losti, kter\u00e9 zapo\u010daly a prob\u011bhly ji\u017e p\u0159ed po\u010d\u00e1tkem sjedn\u00e1n\u00ed poji\u0161t\u011bn\u00ed\u00b7\u00a0\u00a0\u00a0\u00a0\u00a0\u00a0\u00a0\u00a0 Pr\u00e1vn\u00ed z\u00e1stup, kdy jde o spor o n\u00e1hradu \u0161kody t\u0159et\u00ed osob\u011b\u00b7\u00a0\u00a0\u00a0\u00a0\u00a0\u00a0\u00a0\u00a0 Pr\u00e1vn\u00ed z\u00e1jmy poji\u0161t\u011bnc\u016f v\u00a0souvislosti se st\u00e1vkami, s\u00a0v\u00e1le\u010dn\u00fdmi ud\u00e1lostmi a \u0161kodami zp\u016fsoben\u00fdmi nukle\u00e1rn\u00edmi zbran\u011bmi                                                                                                                                                                                                                                                                                                                                                                                        4.5\/5 - (6 votes)        "},{"@context":"https:\/\/schema.org\/","@type":"BreadcrumbList","itemListElement":[{"@type":"ListItem","position":1,"name":"Poji\u0161t\u011bn\u00ed pr\u00e1vn\u00ed ochrany podnikatel\u016f","item":"https:\/\/www.blogus.cz\/pojisteni-pravni-ochrany-podnikatelu\/#breadcrumbitem"}]}]