[{"@context":"https:\/\/schema.org\/","@type":"Article","@id":"https:\/\/www.blogus.cz\/sidlo-firmy\/#Article","mainEntityOfPage":"https:\/\/www.blogus.cz\/sidlo-firmy\/","headline":"S\u00eddlo firmy","name":"S\u00eddlo firmy","description":"M\u00e1me pro V\u00e1s nab\u00eddku, kter\u00e1 se neodm\u00edt\u00e1. Nab\u00edz\u00edme V\u00e1m s\u00eddlo firmy pobl\u00ed\u017e centra na\u0161i metropole. S\u00eddlo firmy najdete na Karlov\u011b n\u00e1m\u011bst\u00ed na Praze 2 nebo na Husineck\u00e9 ulici na Praze 3. Na obou adres\u00e1ch se pobl\u00ed\u017e na\u0161ich kancel\u00e1\u0159\u00ed nach\u00e1zej\u00ed parkovi\u0161t\u011b. Objednejte si na\u0161e slu\u017eby a rozhodn\u011b neprohloup\u00edte.S\u00eddlo firmysi pronaj\u00edm\u00e1te a plat\u00edte m\u011bs\u00ed\u010dn\u00ed n\u00e1jem. N\u00e1jem \u010din\u00ed [&hellip;]","datePublished":"2025-04-26","dateModified":"2025-04-26","author":{"@type":"Person","@id":"https:\/\/www.blogus.cz\/author\/#Person","name":"blogus.cz\n","url":"https:\/\/www.blogus.cz\/author\/","identifier":1,"image":{"@type":"ImageObject","@id":"https:\/\/secure.gravatar.com\/avatar\/3c4e99fa9a9806cd5e8fd7cac6ca73ff5bbf5f3ee309e1745415eebd31482909?s=96&d=mm&r=g","url":"https:\/\/secure.gravatar.com\/avatar\/3c4e99fa9a9806cd5e8fd7cac6ca73ff5bbf5f3ee309e1745415eebd31482909?s=96&d=mm&r=g","height":96,"width":96}},"publisher":{"@type":"Organization","name":"blogus.cz","logo":{"@type":"ImageObject","@id":"\/logo.png","url":"\/logo.png","width":600,"height":60}},"url":"https:\/\/www.blogus.cz\/sidlo-firmy\/","wordCount":179,"articleBody":"M\u00e1me pro V\u00e1s nab\u00eddku, kter\u00e1 se neodm\u00edt\u00e1. Nab\u00edz\u00edme V\u00e1m s\u00eddlo firmy pobl\u00ed\u017e centra na\u0161i metropole. S\u00eddlo firmy najdete na Karlov\u011b n\u00e1m\u011bst\u00ed na Praze 2 nebo na Husineck\u00e9 ulici na Praze 3. Na obou adres\u00e1ch se pobl\u00ed\u017e na\u0161ich kancel\u00e1\u0159\u00ed nach\u00e1zej\u00ed parkovi\u0161t\u011b. Objednejte si na\u0161e slu\u017eby a rozhodn\u011b neprohloup\u00edte.S\u00eddlo firmysi pronaj\u00edm\u00e1te a plat\u00edte m\u011bs\u00ed\u010dn\u00ed n\u00e1jem. N\u00e1jem \u010din\u00ed v z\u00e1kladn\u00edm bal\u00ed\u010dku 452,- K\u010d. Za to dostanete pevnou telefonn\u00ed linku p\u0159epojitelnou nap\u0159\u00edklad na V\u00e1\u0161 mobiln\u00ed telefon, zasedac\u00ed m\u00edstnost k jedn\u00e1n\u00ed s klienty \u010di \u00fa\u0159ady a tak\u00e9 vlastn\u00ed firemn\u00ed po\u0161tovn\u00ed schr\u00e1nku. V p\u0159\u00edpad\u011b z\u00e1jmu jsme schopni V\u00e1m po\u0161tu tak\u00e9 s t\u00fddenn\u00ed pravidelnost\u00ed p\u0159epos\u00edlat.Mo\u017enost oper\u00e1toraM\u016f\u017eete si tak\u00e9 zaplatit vlastn\u00edho oper\u00e1tora, kter\u00fd bude jednat v telefonu \u010di emailu Va\u0161im jm\u00e9nem \u010di jm\u00e9nem Va\u0161i firmy. Na\u0161e s\u00eddlo firmy je velmi v\u00fdhodn\u00e9.                                                                                                                                                                                                                                                                                                                                                                                                "},{"@context":"https:\/\/schema.org\/","@type":"BreadcrumbList","itemListElement":[{"@type":"ListItem","position":1,"name":"S\u00eddlo firmy","item":"https:\/\/www.blogus.cz\/sidlo-firmy\/#breadcrumbitem"}]}]